{"id":23198,"date":"2026-09-04T10:45:53","date_gmt":"2026-09-04T09:45:53","guid":{"rendered":"https:\/\/chargeguru.com\/pt\/?p=23198"},"modified":"2026-09-04T10:49:22","modified_gmt":"2026-09-04T09:49:22","slug":"chargeguru-marca-presenca-no-enve-2026-em-guimaraes","status":"publish","type":"post","link":"https:\/\/chargeguru.com\/pt\/2026\/09\/04\/chargeguru-marca-presenca-no-enve-2026-em-guimaraes\/","title":{"rendered":"ChargeGuru marca presen\u00e7a no ENVE 2026, em Guimar\u00e3es"},"content":{"rendered":"<p data-path-to-node=\"3\">O maior evento de mobilidade el\u00e9trica em Portugal junta anualmente utilizadores, entusiastas e empresas do setor para celebrar o futuro da mobilidade sustent\u00e1vel.<\/p>\n<div>O ENVE 2026, ter\u00e1 lugar em <b>Guimar\u00e3es<\/b>, no\u00a0<b>Multiusos de Guimar\u00e3es<\/b>, nos dias\u00a0<b>19<\/b>\u00a0e\u00a0<b>20 de setembro<\/b>\u00a0de\u00a0<b>2026<\/b>. Guimar\u00e3es \u00e9 <b>Capital Verde Europeia em 2026<\/b>, um reconhecimento que reflete o seu compromisso com a transi\u00e7\u00e3o energ\u00e9tica.<\/div>\n<p data-path-to-node=\"4\">Este ano, trazemos solu\u00e7\u00f5es inovadoras para um dos maiores desafios da transi\u00e7\u00e3o el\u00e9trica em Portugal: <b data-path-to-node=\"4\" data-index-in-node=\"103\">o carregamento de ve\u00edculos el\u00e9tricos em condom\u00ednios. <\/b>Durante estes dias, vamos apresentar uma <b data-path-to-node=\"5,0,0\" data-index-in-node=\"0\">campanha exclusiva dedicada a quem vive em edif\u00edcios residenciais e pretende carregar o seu carro de forma simples, com o m\u00ednimo de complica\u00e7\u00f5es.<\/b><\/p>\n<p data-path-to-node=\"8\"><b data-path-to-node=\"5,0,0\" data-index-in-node=\"0\">Os residentes que adiram ao servi\u00e7o de carregamento at\u00e9 ao final deste ano, para al\u00e9m de terem a possibilidade de carregar o seu carro por pre\u00e7os desde os 18\u20ac90\/m\u00eas, poder\u00e3o faz\u00ea-lo de forma gratuita durante 6 Meses <\/b>a partir do seu pr\u00f3prio carregador.<\/p>\n<p data-path-to-node=\"11\">Este evento de mobilidade el\u00e9trica \u00e9 tamb\u00e9m divers\u00e3o e uma excelente oportunidade para refor\u00e7ar a proximidade com os utilizadores de ve\u00edculos el\u00e9tricos. No nosso stand, preparamos um <b data-path-to-node=\"11\" data-index-in-node=\"84\">photobooth<\/b>, onde os participantes podem tirar uma fotografia para recordar a tua passagem pelo evento.<\/p>\n<p data-path-to-node=\"12\">Mas as novidades n\u00e3o ficam por aqui:<\/p>\n<ul data-path-to-node=\"13\">\n<li>\n<p data-path-to-node=\"13,0,0\"><b data-path-to-node=\"13,0,0\" data-index-in-node=\"0\">O desafio:<\/b> Vais poder tentar adivinhar a <b data-path-to-node=\"13,0,0\" data-index-in-node=\"68\">grande novidade que est\u00e1 quase a chegar<\/b>!<\/p>\n<\/li>\n<li>\n<p data-path-to-node=\"13,1,0\"><b data-path-to-node=\"13,1,0\" data-index-in-node=\"0\">O pr\u00e9mio:<\/b> Ao responder habilita-se a ganhar uma <b data-path-to-node=\"13,1,0\" data-index-in-node=\"75\">Mystery Box.<\/b><\/p>\n<\/li>\n<\/ul>\n<p data-path-to-node=\"15\"><b data-path-to-node=\"15\" data-index-in-node=\"0\">Aguardamos pela sua visita!<\/b><\/p>\n<p data-path-to-node=\"15\">-\ud83d\udccd <b data-path-to-node=\"17,0,0\" data-index-in-node=\"3\">Onde:<\/b> Stand I1 \u2014 ENVE 2026<\/p>\n<p data-path-to-node=\"17,1,0\">\ud83d\udcc5 <b data-path-to-node=\"17,1,0\" data-index-in-node=\"3\">Quando:<\/b> S\u00e1bado e Domingo (19 e 20 de setembro)<\/p>\n<p data-path-to-node=\"17,2,0\">\ud83c\udf9f\ufe0f <b data-path-to-node=\"17,2,0\" data-index-in-node=\"4\">Entrada:<\/b> Gratuita &#8211; Inscri\u00e7\u00f5es <a href=\"https:\/\/enve.uve.pt\/\">aqui<\/a><\/p>\n<p data-path-to-node=\"18\">Venha conversar connosco e descubra como estamos a simplificar o carregamento el\u00e9trico no seu dia a dia. <b data-path-to-node=\"18\" data-index-in-node=\"103\">O futuro est\u00e1 a carregar!<\/b><\/p>\n<p data-path-to-node=\"18\"><img decoding=\"async\" loading=\"lazy\" class=\"alignnone wp-image-22824 size-large\" src=\"https:\/\/chargeguru.com\/pt\/wp-content\/uploads\/sites\/3\/2025\/07\/enve2024-1024x461.png\" alt=\"\" width=\"1024\" height=\"461\" srcset=\"https:\/\/chargeguru.com\/pt\/wp-content\/uploads\/sites\/3\/2025\/07\/enve2024-1024x461.png 1024w, https:\/\/chargeguru.com\/pt\/wp-content\/uploads\/sites\/3\/2025\/07\/enve2024-300x135.png 300w, https:\/\/chargeguru.com\/pt\/wp-content\/uploads\/sites\/3\/2025\/07\/enve2024-768x346.png 768w, https:\/\/chargeguru.com\/pt\/wp-content\/uploads\/sites\/3\/2025\/07\/enve2024.png 1200w\" sizes=\"(max-width: 1024px) 100vw, 1024px\" \/><\/p>\n","protected":false},"excerpt":{"rendered":"<p>O maior evento de mobilidade el\u00e9trica em Portugal junta anualmente utilizadores, entusiastas e empresas do setor para celebrar o futuro&#8230;<\/p>\n","protected":false},"author":38,"featured_media":23200,"comment_status":"open","ping_status":"open","sticky":false,"template":"","format":"standard","meta":{"content-type":""},"categories":[31,16],"tags":[],"yoast_head":"<!-- This site is optimized with the Yoast SEO Premium plugin v20.8 (Yoast SEO v21.3) - https:\/\/yoast.com\/wordpress\/plugins\/seo\/ -->\n<title>ChargeGuru em destaque em Guimar\u00e3es, no ENVE 2026!<\/title>\n<meta name=\"description\" content=\"A ChargeGuru tem o prazer de anunciar a sua participa\u00e7\u00e3o na 14.\u00aa edi\u00e7\u00e3o do Encontro Nacional de Ve\u00edculos El\u00e9tricos (ENVE) 2026.\" \/>\n<meta name=\"robots\" content=\"index, follow, max-snippet:-1, max-image-preview:large, max-video-preview:-1\" \/>\n<link rel=\"canonical\" href=\"https:\/\/chargeguru.com\/pt\/2026\/09\/04\/chargeguru-marca-presenca-no-enve-2026-em-guimaraes\/\" \/>\n<meta property=\"og:locale\" content=\"en_US\" \/>\n<meta property=\"og:type\" content=\"article\" \/>\n<meta property=\"og:title\" content=\"ChargeGuru marca presen\u00e7a no ENVE 2026, em Guimar\u00e3es\" \/>\n<meta property=\"og:description\" content=\"A ChargeGuru tem o prazer de anunciar a sua participa\u00e7\u00e3o na 14.\u00aa edi\u00e7\u00e3o do Encontro Nacional de Ve\u00edculos El\u00e9tricos (ENVE) 2026.\" \/>\n<meta property=\"og:url\" content=\"https:\/\/chargeguru.com\/pt\/2026\/09\/04\/chargeguru-marca-presenca-no-enve-2026-em-guimaraes\/\" \/>\n<meta property=\"og:site_name\" content=\"ChargeGuru PT | Instalador de Pontos de Carregamento para Veiculos Eletricos\" \/>\n<meta property=\"article:published_time\" content=\"2026-09-04T09:45:53+00:00\" \/>\n<meta property=\"article:modified_time\" content=\"2026-09-04T09:49:22+00:00\" \/>\n<meta property=\"og:image\" content=\"https:\/\/chargeguru.com\/pt\/wp-content\/uploads\/sites\/3\/2026\/09\/Cartaz-ENVE-2026_capa-pagina.jpg\" \/>\n\t<meta property=\"og:image:width\" content=\"2480\" \/>\n\t<meta property=\"og:image:height\" content=\"1422\" \/>\n\t<meta property=\"og:image:type\" content=\"image\/jpeg\" \/>\n<meta name=\"author\" content=\"inespaiva\" \/>\n<meta name=\"twitter:card\" content=\"summary_large_image\" \/>\n<meta name=\"twitter:label1\" content=\"Escrito por\" \/>\n\t<meta name=\"twitter:data1\" content=\"inespaiva\" \/>\n\t<meta name=\"twitter:label2\" content=\"Tempo estimado de leitura\" \/>\n\t<meta name=\"twitter:data2\" content=\"2 minutos\" \/>\n<script type=\"application\/ld+json\" class=\"yoast-schema-graph\">{\"@context\":\"https:\/\/schema.org\",\"@graph\":[{\"@type\":\"WebPage\",\"@id\":\"https:\/\/chargeguru.com\/pt\/2026\/09\/04\/chargeguru-marca-presenca-no-enve-2026-em-guimaraes\/\",\"url\":\"https:\/\/chargeguru.com\/pt\/2026\/09\/04\/chargeguru-marca-presenca-no-enve-2026-em-guimaraes\/\",\"name\":\"ChargeGuru em destaque em Guimar\u00e3es, no ENVE 2026!\",\"isPartOf\":{\"@id\":\"https:\/\/chargeguru.com\/pt\/#website\"},\"datePublished\":\"2026-09-04T09:45:53+00:00\",\"dateModified\":\"2026-09-04T09:49:22+00:00\",\"author\":{\"@id\":\"https:\/\/chargeguru.com\/pt\/#\/schema\/person\/a022fa641138329a4b9de63dfb62abb3\"},\"description\":\"A ChargeGuru tem o prazer de anunciar a sua participa\u00e7\u00e3o na 14.\u00aa edi\u00e7\u00e3o do Encontro Nacional de Ve\u00edculos El\u00e9tricos (ENVE) 2026.\",\"breadcrumb\":{\"@id\":\"https:\/\/chargeguru.com\/pt\/2026\/09\/04\/chargeguru-marca-presenca-no-enve-2026-em-guimaraes\/#breadcrumb\"},\"inLanguage\":false,\"potentialAction\":[{\"@type\":\"ReadAction\",\"target\":[\"https:\/\/chargeguru.com\/pt\/2026\/09\/04\/chargeguru-marca-presenca-no-enve-2026-em-guimaraes\/\"]}]},{\"@type\":\"BreadcrumbList\",\"@id\":\"https:\/\/chargeguru.com\/pt\/2026\/09\/04\/chargeguru-marca-presenca-no-enve-2026-em-guimaraes\/#breadcrumb\",\"itemListElement\":[{\"@type\":\"ListItem\",\"position\":1,\"name\":\"Home\",\"item\":\"https:\/\/chargeguru.com\/pt\/\"},{\"@type\":\"ListItem\",\"position\":2,\"name\":\"ChargeGuru marca presen\u00e7a no ENVE 2026, em Guimar\u00e3es\"}]},{\"@type\":\"WebSite\",\"@id\":\"https:\/\/chargeguru.com\/pt\/#website\",\"url\":\"https:\/\/chargeguru.com\/pt\/\",\"name\":\"ChargeGuru PT | Instalador de Pontos de Carregamento para Veiculos Eletricos\",\"description\":\"ChargeGuru PT | Instalador de Pontos de Carregamento par Veiculos El\u00e9tricos\",\"potentialAction\":[{\"@type\":\"SearchAction\",\"target\":{\"@type\":\"EntryPoint\",\"urlTemplate\":\"https:\/\/chargeguru.com\/pt\/?s={search_term_string}\"},\"query-input\":\"required name=search_term_string\"}],\"inLanguage\":false},{\"@type\":\"Person\",\"@id\":\"https:\/\/chargeguru.com\/pt\/#\/schema\/person\/a022fa641138329a4b9de63dfb62abb3\",\"name\":\"inespaiva\",\"image\":{\"@type\":\"ImageObject\",\"inLanguage\":false,\"@id\":\"https:\/\/chargeguru.com\/pt\/#\/schema\/person\/image\/\",\"url\":\"https:\/\/secure.gravatar.com\/avatar\/146697d94439f26e340ad9b01accf9fb?s=96&d=mm&r=g\",\"contentUrl\":\"https:\/\/secure.gravatar.com\/avatar\/146697d94439f26e340ad9b01accf9fb?s=96&d=mm&r=g\",\"caption\":\"inespaiva\"}}]}<\/script>\n<!-- \/ Yoast SEO Premium plugin. -->","yoast_head_json":{"title":"ChargeGuru em destaque em Guimar\u00e3es, no ENVE 2026!","description":"A ChargeGuru tem o prazer de anunciar a sua participa\u00e7\u00e3o na 14.\u00aa edi\u00e7\u00e3o do Encontro Nacional de Ve\u00edculos El\u00e9tricos (ENVE) 2026.","robots":{"index":"index","follow":"follow","max-snippet":"max-snippet:-1","max-image-preview":"max-image-preview:large","max-video-preview":"max-video-preview:-1"},"canonical":"https:\/\/chargeguru.com\/pt\/2026\/09\/04\/chargeguru-marca-presenca-no-enve-2026-em-guimaraes\/","og_locale":"en_US","og_type":"article","og_title":"ChargeGuru marca presen\u00e7a no ENVE 2026, em Guimar\u00e3es","og_description":"A ChargeGuru tem o prazer de anunciar a sua participa\u00e7\u00e3o na 14.\u00aa edi\u00e7\u00e3o do Encontro Nacional de Ve\u00edculos El\u00e9tricos (ENVE) 2026.","og_url":"https:\/\/chargeguru.com\/pt\/2026\/09\/04\/chargeguru-marca-presenca-no-enve-2026-em-guimaraes\/","og_site_name":"ChargeGuru PT | Instalador de Pontos de Carregamento para Veiculos Eletricos","article_published_time":"2026-09-04T09:45:53+00:00","article_modified_time":"2026-09-04T09:49:22+00:00","og_image":[{"width":2480,"height":1422,"url":"https:\/\/chargeguru.com\/pt\/wp-content\/uploads\/sites\/3\/2026\/09\/Cartaz-ENVE-2026_capa-pagina.jpg","type":"image\/jpeg"}],"author":"inespaiva","twitter_card":"summary_large_image","twitter_misc":{"Escrito por":"inespaiva","Tempo estimado de leitura":"2 minutos"},"schema":{"@context":"https:\/\/schema.org","@graph":[{"@type":"WebPage","@id":"https:\/\/chargeguru.com\/pt\/2026\/09\/04\/chargeguru-marca-presenca-no-enve-2026-em-guimaraes\/","url":"https:\/\/chargeguru.com\/pt\/2026\/09\/04\/chargeguru-marca-presenca-no-enve-2026-em-guimaraes\/","name":"ChargeGuru em destaque em Guimar\u00e3es, no ENVE 2026!","isPartOf":{"@id":"https:\/\/chargeguru.com\/pt\/#website"},"datePublished":"2026-09-04T09:45:53+00:00","dateModified":"2026-09-04T09:49:22+00:00","author":{"@id":"https:\/\/chargeguru.com\/pt\/#\/schema\/person\/a022fa641138329a4b9de63dfb62abb3"},"description":"A ChargeGuru tem o prazer de anunciar a sua participa\u00e7\u00e3o na 14.\u00aa edi\u00e7\u00e3o do Encontro Nacional de Ve\u00edculos El\u00e9tricos (ENVE) 2026.","breadcrumb":{"@id":"https:\/\/chargeguru.com\/pt\/2026\/09\/04\/chargeguru-marca-presenca-no-enve-2026-em-guimaraes\/#breadcrumb"},"inLanguage":false,"potentialAction":[{"@type":"ReadAction","target":["https:\/\/chargeguru.com\/pt\/2026\/09\/04\/chargeguru-marca-presenca-no-enve-2026-em-guimaraes\/"]}]},{"@type":"BreadcrumbList","@id":"https:\/\/chargeguru.com\/pt\/2026\/09\/04\/chargeguru-marca-presenca-no-enve-2026-em-guimaraes\/#breadcrumb","itemListElement":[{"@type":"ListItem","position":1,"name":"Home","item":"https:\/\/chargeguru.com\/pt\/"},{"@type":"ListItem","position":2,"name":"ChargeGuru marca presen\u00e7a no ENVE 2026, em Guimar\u00e3es"}]},{"@type":"WebSite","@id":"https:\/\/chargeguru.com\/pt\/#website","url":"https:\/\/chargeguru.com\/pt\/","name":"ChargeGuru PT | Instalador de Pontos de Carregamento para Veiculos Eletricos","description":"ChargeGuru PT | Instalador de Pontos de Carregamento par Veiculos El\u00e9tricos","potentialAction":[{"@type":"SearchAction","target":{"@type":"EntryPoint","urlTemplate":"https:\/\/chargeguru.com\/pt\/?s={search_term_string}"},"query-input":"required name=search_term_string"}],"inLanguage":false},{"@type":"Person","@id":"https:\/\/chargeguru.com\/pt\/#\/schema\/person\/a022fa641138329a4b9de63dfb62abb3","name":"inespaiva","image":{"@type":"ImageObject","inLanguage":false,"@id":"https:\/\/chargeguru.com\/pt\/#\/schema\/person\/image\/","url":"https:\/\/secure.gravatar.com\/avatar\/146697d94439f26e340ad9b01accf9fb?s=96&d=mm&r=g","contentUrl":"https:\/\/secure.gravatar.com\/avatar\/146697d94439f26e340ad9b01accf9fb?s=96&d=mm&r=g","caption":"inespaiva"}}]}},"_links":{"self":[{"href":"https:\/\/chargeguru.com\/pt\/wp-json\/wp\/v2\/posts\/23198"}],"collection":[{"href":"https:\/\/chargeguru.com\/pt\/wp-json\/wp\/v2\/posts"}],"about":[{"href":"https:\/\/chargeguru.com\/pt\/wp-json\/wp\/v2\/types\/post"}],"author":[{"embeddable":true,"href":"https:\/\/chargeguru.com\/pt\/wp-json\/wp\/v2\/users\/38"}],"replies":[{"embeddable":true,"href":"https:\/\/chargeguru.com\/pt\/wp-json\/wp\/v2\/comments?post=23198"}],"version-history":[{"count":6,"href":"https:\/\/chargeguru.com\/pt\/wp-json\/wp\/v2\/posts\/23198\/revisions"}],"predecessor-version":[{"id":23205,"href":"https:\/\/chargeguru.com\/pt\/wp-json\/wp\/v2\/posts\/23198\/revisions\/23205"}],"wp:featuredmedia":[{"embeddable":true,"href":"https:\/\/chargeguru.com\/pt\/wp-json\/wp\/v2\/media\/23200"}],"wp:attachment":[{"href":"https:\/\/chargeguru.com\/pt\/wp-json\/wp\/v2\/media?parent=23198"}],"wp:term":[{"taxonomy":"category","embeddable":true,"href":"https:\/\/chargeguru.com\/pt\/wp-json\/wp\/v2\/categories?post=23198"},{"taxonomy":"post_tag","embeddable":true,"href":"https:\/\/chargeguru.com\/pt\/wp-json\/wp\/v2\/tags?post=23198"}],"curies":[{"name":"wp","href":"https:\/\/api.w.org\/{rel}","templated":true}]}}