{"id":23165,"date":"2026-04-28T16:43:13","date_gmt":"2026-04-28T15:43:13","guid":{"rendered":"https:\/\/chargeguru.com\/pt\/?p=23165"},"modified":"2026-04-28T16:44:01","modified_gmt":"2026-04-28T15:44:01","slug":"fundo-ambiental-2026-novo-apoio-lancado-entre-maio-e-junho","status":"publish","type":"post","link":"https:\/\/chargeguru.com\/pt\/2026\/04\/28\/fundo-ambiental-2026-novo-apoio-lancado-entre-maio-e-junho\/","title":{"rendered":"Fundo Ambiental 2026: Novo Apoio lan\u00e7ado entre Maio e Junho"},"content":{"rendered":"<p data-path-to-node=\"3\">A mobilidade el\u00e9trica em Portugal acaba de receber um novo f\u00f4lego. O Governo anunciou recentemente um refor\u00e7o significativo nos incentivos \u00e0 compra de ve\u00edculos de emiss\u00f5es nulas. Se est\u00e1 a planear transitar para um carro el\u00e9trico ou renovar a frota da sua empresa, as pr\u00f3ximas semanas ser\u00e3o decisivas.<\/p>\n<p data-path-to-node=\"4\">Neste artigo, detalhamos as \u00faltimas atualiza\u00e7\u00f5es sobre o <b data-path-to-node=\"4\" data-index-in-node=\"57\">Fundo Ambiental 2026<\/b>, os valores previstos e como pode preparar-se para garantir o seu apoio.<\/p>\n<h2 data-path-to-node=\"5\">As Novidades do Fundo Ambiental em 2026<\/h2>\n<p data-path-to-node=\"6\">Ap\u00f3s o esgotamento recorde das verbas no final de 2025, a Ministra do Ambiente e da Energia, confirmou que um novo concurso ser\u00e1 lan\u00e7ado entre <b data-path-to-node=\"6\" data-index-in-node=\"168\">maio e junho de 2026<\/b>.<\/p>\n<h3 data-path-to-node=\"7\">O que muda este ano?<\/h3>\n<ul data-path-to-node=\"8\">\n<li>\n<p data-path-to-node=\"8,0,0\"><b data-path-to-node=\"8,0,0\" data-index-in-node=\"0\">Dota\u00e7\u00e3o Refor\u00e7ada:<\/b> O Governo disponibilizou uma verba total de <b data-path-to-node=\"8,0,0\" data-index-in-node=\"63\">20 milh\u00f5es de euros<\/b> para este novo aviso, um aumento face aos per\u00edodos anteriores.<\/p>\n<\/li>\n<li>\n<p data-path-to-node=\"8,1,0\"><b data-path-to-node=\"8,1,0\" data-index-in-node=\"0\">Foco na Classe M\u00e9dia:<\/b> O objetivo \u00e9 democratizar o acesso, mantendo limites de pre\u00e7o para que o apoio chegue a quem mais precisa.<\/p>\n<\/li>\n<li>\n<p data-path-to-node=\"8,2,0\"><b data-path-to-node=\"8,2,0\" data-index-in-node=\"0\">Rapidez na Entrega:<\/b> O modelo de candidaturas mant\u00e9m-se por ordem de submiss\u00e3o, o que exige rapidez por parte dos interessados.<\/p>\n<\/li>\n<\/ul>\n<h2 data-path-to-node=\"9\"><\/h2>\n<h2 data-path-to-node=\"9\">Valores e Tipologias de Apoio (Previs\u00f5es)<\/h2>\n<p data-path-to-node=\"10\">Embora o aviso oficial detalhado ainda esteja em fase de conclus\u00e3o, as diretrizes seguem a linha das pol\u00edticas de descarboniza\u00e7\u00e3o vigentes:<\/p>\n<ul>\n<li data-path-to-node=\"11,0,0\"><b data-path-to-node=\"11,0,0\" data-index-in-node=\"0\">Ligeiros de Passageiros (Particulares):<\/b> Espera-se um incentivo em torno dos <b data-path-to-node=\"11,0,0\" data-index-in-node=\"76\">4.000\u20ac<\/b>, possivelmente majorado para <b data-path-to-node=\"11,0,0\" data-index-in-node=\"112\">5.000\u20ac<\/b> em casos espec\u00edficos (como institui\u00e7\u00f5es de solidariedade social).<\/li>\n<li data-path-to-node=\"11,1,0\"><b data-path-to-node=\"11,1,0\" data-index-in-node=\"0\">Limite de Pre\u00e7o do Ve\u00edculo:<\/b> Para ser eleg\u00edvel, o valor de aquisi\u00e7\u00e3o do autom\u00f3vel (incluindo IVA e despesas) n\u00e3o poder\u00e1 ultrapassar os <b data-path-to-node=\"11,1,0\" data-index-in-node=\"134\">38.500\u20ac<\/b>. Para ve\u00edculos com mais de 5 lugares, o teto pode subir at\u00e9 aos <b data-path-to-node=\"11,1,0\" data-index-in-node=\"206\">55.000\u20ac<\/b>.<\/li>\n<li data-path-to-node=\"11,2,0\"><b data-path-to-node=\"11,2,0\" data-index-in-node=\"0\">Outras Mobilidades:<\/b> O fundo dever\u00e1 continuar a apoiar a compra de bicicletas el\u00e9tricas (at\u00e9 50% do valor, com limite de 750\u20ac), motociclos e dispositivos de mobilidade pessoal.<\/li>\n<\/ul>\n<p>&nbsp;<\/p>\n<h2 data-path-to-node=\"18\">Como preparar a sua candidatura?<\/h2>\n<p data-path-to-node=\"19\">O sucesso da candidatura ao <a href=\"https:\/\/www.fundoambiental.pt\/home.aspx\">Fundo Ambiental<\/a> depende da rapidez e da conformidade dos documentos. Siga este guia r\u00e1pido:<\/p>\n<ul>\n<li><b data-path-to-node=\"20,0,0\" data-index-in-node=\"0\">Fatura Proforma ou Recibo:<\/b> Deve ter o documento que comprove a compra do ve\u00edculo novo (registado ap\u00f3s a data de abertura do aviso).<\/li>\n<li><b data-path-to-node=\"20,1,0\" data-index-in-node=\"0\">Documenta\u00e7\u00e3o Fiscal:<\/b> Garanta que a sua situa\u00e7\u00e3o est\u00e1 regularizada perante a Autoridade Tribut\u00e1ria e a Seguran\u00e7a Social.<\/li>\n<li><b data-path-to-node=\"20,2,0\" data-index-in-node=\"0\">Certificado de Matr\u00edcula:<\/b> O ve\u00edculo deve ser 100% el\u00e9trico e a estrear.<\/li>\n<li><b data-path-to-node=\"20,3,0\" data-index-in-node=\"0\">Incentivo ao Abate:<\/b> Esteja atento \u00e0 possibilidade de acumula\u00e7\u00e3o com programas de abate de ve\u00edculos em fim de vida, uma medida que o governo est\u00e1 a tentar integrar para acelerar a renova\u00e7\u00e3o do parque autom\u00f3vel.<\/li>\n<\/ul>\n<h2 data-path-to-node=\"21\"><\/h2>\n<h2 data-path-to-node=\"21\">Conclus\u00e3o: Porqu\u00ea avan\u00e7ar agora?<\/h2>\n<p data-path-to-node=\"22\">Com a abertura do concurso prevista para o final do segundo trimestre de 2026, este \u00e9 o momento de escolher o seu novo el\u00e9trico e planear a infraestrutura de carregamento. As verbas costumam esgotar em poucas horas ou dias, pelo que a antecipa\u00e7\u00e3o \u00e9 a sua melhor aliada.<\/p>\n<p data-path-to-node=\"23\">Na <b data-path-to-node=\"23\" data-index-in-node=\"3\">ChargeGuru<\/b>, ajudamos a dimensionar e instalar a solu\u00e7\u00e3o de carregamento ideal para a sua casa ou empresa, maximizando a efici\u00eancia do seu novo ve\u00edculo el\u00e9trico.<\/p>\n<h2 data-path-to-node=\"6\"><\/h2>\n<h2 data-path-to-node=\"6\">O Boom dos Ve\u00edculos El\u00e9tricos nos Condom\u00ednios<\/h2>\n<p data-path-to-node=\"7\">\u00c0 medida que os incentivos estatais facilitam a aquisi\u00e7\u00e3o de carros el\u00e9tricos pela classe m\u00e9dia, os moradores de condom\u00ednios v\u00e3o aderir cada vez mais \u00e0 mobilidade zero emiss\u00f5es. Esta mudan\u00e7a de paradigma exige que os edif\u00edcios estejam preparados para a realidade de ter dezenas de baterias a carregar simultaneamente todas as noites.<\/p>\n<p data-path-to-node=\"8\">O futuro exige o planeamento de uma <a href=\"https:\/\/chargeguru.com\/pt\/carregamento-em-condominios\/\"><b data-path-to-node=\"8\" data-index-in-node=\"80\">infraestrutura de carregamento coletivo<\/b><\/a> nas garagens, de forma a responder \u00e0s necessidades dos utilizadores, garantir o carregamento em simult\u00e2neo de ve\u00edculos el\u00e9tricos com recurso \u00e0 gest\u00e3o inteligente de energia e ainda permitir a gest\u00e3o de consumos individualizada.<\/p>\n<p data-path-to-node=\"23\">Contacte-nos para saber como preparar o seu condom\u00ednio para a mobilidade el\u00e9trica.<\/p>\n","protected":false},"excerpt":{"rendered":"<p>A mobilidade el\u00e9trica em Portugal acaba de receber um novo f\u00f4lego. O Governo anunciou recentemente um refor\u00e7o significativo nos incentivos&#8230;<\/p>\n","protected":false},"author":38,"featured_media":23166,"comment_status":"open","ping_status":"open","sticky":false,"template":"","format":"standard","meta":{"content-type":""},"categories":[40,31,29,17,16],"tags":[],"yoast_head":"<!-- This site is optimized with the Yoast SEO Premium plugin v20.8 (Yoast SEO v21.3) - https:\/\/yoast.com\/wordpress\/plugins\/seo\/ -->\n<title>Fundo Ambiental 2026: Novo Apoio lan\u00e7ado entre Maio e Junho - ChargeGuru PT | Instalador de Pontos de Carregamento para Veiculos Eletricos<\/title>\n<meta name=\"description\" content=\"O novo incentivo de 20 milh\u00f5es do Fundo Ambiental chega em 2026. Saiba como garantir o apoio para o seu novo carro el\u00e9trico e como preparar a infraestrutura de carregamento no seu condom\u00ednio com a ChargeGuru.\" \/>\n<meta name=\"robots\" content=\"index, follow, max-snippet:-1, max-image-preview:large, max-video-preview:-1\" \/>\n<link rel=\"canonical\" href=\"https:\/\/chargeguru.com\/pt\/2026\/04\/28\/fundo-ambiental-2026-novo-apoio-lancado-entre-maio-e-junho\/\" \/>\n<meta property=\"og:locale\" content=\"en_US\" \/>\n<meta property=\"og:type\" content=\"article\" \/>\n<meta property=\"og:title\" content=\"Fundo Ambiental 2026: Novo Apoio lan\u00e7ado entre Maio e Junho\" \/>\n<meta property=\"og:description\" content=\"O novo incentivo de 20 milh\u00f5es do Fundo Ambiental chega em 2026. Saiba como garantir o apoio para o seu novo carro el\u00e9trico e como preparar a infraestrutura de carregamento no seu condom\u00ednio com a ChargeGuru.\" \/>\n<meta property=\"og:url\" content=\"https:\/\/chargeguru.com\/pt\/2026\/04\/28\/fundo-ambiental-2026-novo-apoio-lancado-entre-maio-e-junho\/\" \/>\n<meta property=\"og:site_name\" content=\"ChargeGuru PT | Instalador de Pontos de Carregamento para Veiculos Eletricos\" \/>\n<meta property=\"article:published_time\" content=\"2026-04-28T15:43:13+00:00\" \/>\n<meta property=\"article:modified_time\" content=\"2026-04-28T15:44:01+00:00\" \/>\n<meta property=\"og:image\" content=\"https:\/\/chargeguru.com\/pt\/wp-content\/uploads\/sites\/3\/2026\/04\/pexels-holiday-extras-2159945971-36405842.jpg\" \/>\n\t<meta property=\"og:image:width\" content=\"640\" \/>\n\t<meta property=\"og:image:height\" content=\"427\" \/>\n\t<meta property=\"og:image:type\" content=\"image\/jpeg\" \/>\n<meta name=\"author\" content=\"inespaiva\" \/>\n<meta name=\"twitter:card\" content=\"summary_large_image\" \/>\n<meta name=\"twitter:label1\" content=\"Escrito por\" \/>\n\t<meta name=\"twitter:data1\" content=\"inespaiva\" \/>\n\t<meta name=\"twitter:label2\" content=\"Tempo estimado de leitura\" \/>\n\t<meta name=\"twitter:data2\" content=\"4 minutos\" \/>\n<script type=\"application\/ld+json\" class=\"yoast-schema-graph\">{\"@context\":\"https:\/\/schema.org\",\"@graph\":[{\"@type\":\"WebPage\",\"@id\":\"https:\/\/chargeguru.com\/pt\/2026\/04\/28\/fundo-ambiental-2026-novo-apoio-lancado-entre-maio-e-junho\/\",\"url\":\"https:\/\/chargeguru.com\/pt\/2026\/04\/28\/fundo-ambiental-2026-novo-apoio-lancado-entre-maio-e-junho\/\",\"name\":\"Fundo Ambiental 2026: Novo Apoio lan\u00e7ado entre Maio e Junho - ChargeGuru PT | Instalador de Pontos de Carregamento para Veiculos Eletricos\",\"isPartOf\":{\"@id\":\"https:\/\/chargeguru.com\/pt\/#website\"},\"datePublished\":\"2026-04-28T15:43:13+00:00\",\"dateModified\":\"2026-04-28T15:44:01+00:00\",\"author\":{\"@id\":\"https:\/\/chargeguru.com\/pt\/#\/schema\/person\/a022fa641138329a4b9de63dfb62abb3\"},\"description\":\"O novo incentivo de 20 milh\u00f5es do Fundo Ambiental chega em 2026. Saiba como garantir o apoio para o seu novo carro el\u00e9trico e como preparar a infraestrutura de carregamento no seu condom\u00ednio com a ChargeGuru.\",\"breadcrumb\":{\"@id\":\"https:\/\/chargeguru.com\/pt\/2026\/04\/28\/fundo-ambiental-2026-novo-apoio-lancado-entre-maio-e-junho\/#breadcrumb\"},\"inLanguage\":false,\"potentialAction\":[{\"@type\":\"ReadAction\",\"target\":[\"https:\/\/chargeguru.com\/pt\/2026\/04\/28\/fundo-ambiental-2026-novo-apoio-lancado-entre-maio-e-junho\/\"]}]},{\"@type\":\"BreadcrumbList\",\"@id\":\"https:\/\/chargeguru.com\/pt\/2026\/04\/28\/fundo-ambiental-2026-novo-apoio-lancado-entre-maio-e-junho\/#breadcrumb\",\"itemListElement\":[{\"@type\":\"ListItem\",\"position\":1,\"name\":\"Home\",\"item\":\"https:\/\/chargeguru.com\/pt\/\"},{\"@type\":\"ListItem\",\"position\":2,\"name\":\"Fundo Ambiental 2026: Novo Apoio lan\u00e7ado entre Maio e Junho\"}]},{\"@type\":\"WebSite\",\"@id\":\"https:\/\/chargeguru.com\/pt\/#website\",\"url\":\"https:\/\/chargeguru.com\/pt\/\",\"name\":\"ChargeGuru PT | Instalador de Pontos de Carregamento para Veiculos Eletricos\",\"description\":\"ChargeGuru PT | Instalador de Pontos de Carregamento par Veiculos El\u00e9tricos\",\"potentialAction\":[{\"@type\":\"SearchAction\",\"target\":{\"@type\":\"EntryPoint\",\"urlTemplate\":\"https:\/\/chargeguru.com\/pt\/?s={search_term_string}\"},\"query-input\":\"required name=search_term_string\"}],\"inLanguage\":false},{\"@type\":\"Person\",\"@id\":\"https:\/\/chargeguru.com\/pt\/#\/schema\/person\/a022fa641138329a4b9de63dfb62abb3\",\"name\":\"inespaiva\",\"image\":{\"@type\":\"ImageObject\",\"inLanguage\":false,\"@id\":\"https:\/\/chargeguru.com\/pt\/#\/schema\/person\/image\/\",\"url\":\"https:\/\/secure.gravatar.com\/avatar\/146697d94439f26e340ad9b01accf9fb?s=96&d=mm&r=g\",\"contentUrl\":\"https:\/\/secure.gravatar.com\/avatar\/146697d94439f26e340ad9b01accf9fb?s=96&d=mm&r=g\",\"caption\":\"inespaiva\"}}]}<\/script>\n<!-- \/ Yoast SEO Premium plugin. -->","yoast_head_json":{"title":"Fundo Ambiental 2026: Novo Apoio lan\u00e7ado entre Maio e Junho - ChargeGuru PT | Instalador de Pontos de Carregamento para Veiculos Eletricos","description":"O novo incentivo de 20 milh\u00f5es do Fundo Ambiental chega em 2026. Saiba como garantir o apoio para o seu novo carro el\u00e9trico e como preparar a infraestrutura de carregamento no seu condom\u00ednio com a ChargeGuru.","robots":{"index":"index","follow":"follow","max-snippet":"max-snippet:-1","max-image-preview":"max-image-preview:large","max-video-preview":"max-video-preview:-1"},"canonical":"https:\/\/chargeguru.com\/pt\/2026\/04\/28\/fundo-ambiental-2026-novo-apoio-lancado-entre-maio-e-junho\/","og_locale":"en_US","og_type":"article","og_title":"Fundo Ambiental 2026: Novo Apoio lan\u00e7ado entre Maio e Junho","og_description":"O novo incentivo de 20 milh\u00f5es do Fundo Ambiental chega em 2026. Saiba como garantir o apoio para o seu novo carro el\u00e9trico e como preparar a infraestrutura de carregamento no seu condom\u00ednio com a ChargeGuru.","og_url":"https:\/\/chargeguru.com\/pt\/2026\/04\/28\/fundo-ambiental-2026-novo-apoio-lancado-entre-maio-e-junho\/","og_site_name":"ChargeGuru PT | Instalador de Pontos de Carregamento para Veiculos Eletricos","article_published_time":"2026-04-28T15:43:13+00:00","article_modified_time":"2026-04-28T15:44:01+00:00","og_image":[{"width":640,"height":427,"url":"https:\/\/chargeguru.com\/pt\/wp-content\/uploads\/sites\/3\/2026\/04\/pexels-holiday-extras-2159945971-36405842.jpg","type":"image\/jpeg"}],"author":"inespaiva","twitter_card":"summary_large_image","twitter_misc":{"Escrito por":"inespaiva","Tempo estimado de leitura":"4 minutos"},"schema":{"@context":"https:\/\/schema.org","@graph":[{"@type":"WebPage","@id":"https:\/\/chargeguru.com\/pt\/2026\/04\/28\/fundo-ambiental-2026-novo-apoio-lancado-entre-maio-e-junho\/","url":"https:\/\/chargeguru.com\/pt\/2026\/04\/28\/fundo-ambiental-2026-novo-apoio-lancado-entre-maio-e-junho\/","name":"Fundo Ambiental 2026: Novo Apoio lan\u00e7ado entre Maio e Junho - ChargeGuru PT | Instalador de Pontos de Carregamento para Veiculos Eletricos","isPartOf":{"@id":"https:\/\/chargeguru.com\/pt\/#website"},"datePublished":"2026-04-28T15:43:13+00:00","dateModified":"2026-04-28T15:44:01+00:00","author":{"@id":"https:\/\/chargeguru.com\/pt\/#\/schema\/person\/a022fa641138329a4b9de63dfb62abb3"},"description":"O novo incentivo de 20 milh\u00f5es do Fundo Ambiental chega em 2026. Saiba como garantir o apoio para o seu novo carro el\u00e9trico e como preparar a infraestrutura de carregamento no seu condom\u00ednio com a ChargeGuru.","breadcrumb":{"@id":"https:\/\/chargeguru.com\/pt\/2026\/04\/28\/fundo-ambiental-2026-novo-apoio-lancado-entre-maio-e-junho\/#breadcrumb"},"inLanguage":false,"potentialAction":[{"@type":"ReadAction","target":["https:\/\/chargeguru.com\/pt\/2026\/04\/28\/fundo-ambiental-2026-novo-apoio-lancado-entre-maio-e-junho\/"]}]},{"@type":"BreadcrumbList","@id":"https:\/\/chargeguru.com\/pt\/2026\/04\/28\/fundo-ambiental-2026-novo-apoio-lancado-entre-maio-e-junho\/#breadcrumb","itemListElement":[{"@type":"ListItem","position":1,"name":"Home","item":"https:\/\/chargeguru.com\/pt\/"},{"@type":"ListItem","position":2,"name":"Fundo Ambiental 2026: Novo Apoio lan\u00e7ado entre Maio e Junho"}]},{"@type":"WebSite","@id":"https:\/\/chargeguru.com\/pt\/#website","url":"https:\/\/chargeguru.com\/pt\/","name":"ChargeGuru PT | Instalador de Pontos de Carregamento para Veiculos Eletricos","description":"ChargeGuru PT | Instalador de Pontos de Carregamento par Veiculos El\u00e9tricos","potentialAction":[{"@type":"SearchAction","target":{"@type":"EntryPoint","urlTemplate":"https:\/\/chargeguru.com\/pt\/?s={search_term_string}"},"query-input":"required name=search_term_string"}],"inLanguage":false},{"@type":"Person","@id":"https:\/\/chargeguru.com\/pt\/#\/schema\/person\/a022fa641138329a4b9de63dfb62abb3","name":"inespaiva","image":{"@type":"ImageObject","inLanguage":false,"@id":"https:\/\/chargeguru.com\/pt\/#\/schema\/person\/image\/","url":"https:\/\/secure.gravatar.com\/avatar\/146697d94439f26e340ad9b01accf9fb?s=96&d=mm&r=g","contentUrl":"https:\/\/secure.gravatar.com\/avatar\/146697d94439f26e340ad9b01accf9fb?s=96&d=mm&r=g","caption":"inespaiva"}}]}},"_links":{"self":[{"href":"https:\/\/chargeguru.com\/pt\/wp-json\/wp\/v2\/posts\/23165"}],"collection":[{"href":"https:\/\/chargeguru.com\/pt\/wp-json\/wp\/v2\/posts"}],"about":[{"href":"https:\/\/chargeguru.com\/pt\/wp-json\/wp\/v2\/types\/post"}],"author":[{"embeddable":true,"href":"https:\/\/chargeguru.com\/pt\/wp-json\/wp\/v2\/users\/38"}],"replies":[{"embeddable":true,"href":"https:\/\/chargeguru.com\/pt\/wp-json\/wp\/v2\/comments?post=23165"}],"version-history":[{"count":2,"href":"https:\/\/chargeguru.com\/pt\/wp-json\/wp\/v2\/posts\/23165\/revisions"}],"predecessor-version":[{"id":23168,"href":"https:\/\/chargeguru.com\/pt\/wp-json\/wp\/v2\/posts\/23165\/revisions\/23168"}],"wp:featuredmedia":[{"embeddable":true,"href":"https:\/\/chargeguru.com\/pt\/wp-json\/wp\/v2\/media\/23166"}],"wp:attachment":[{"href":"https:\/\/chargeguru.com\/pt\/wp-json\/wp\/v2\/media?parent=23165"}],"wp:term":[{"taxonomy":"category","embeddable":true,"href":"https:\/\/chargeguru.com\/pt\/wp-json\/wp\/v2\/categories?post=23165"},{"taxonomy":"post_tag","embeddable":true,"href":"https:\/\/chargeguru.com\/pt\/wp-json\/wp\/v2\/tags?post=23165"}],"curies":[{"name":"wp","href":"https:\/\/api.w.org\/{rel}","templated":true}]}}