{"id":17204,"date":"2026-02-23T08:39:46","date_gmt":"2026-02-23T08:39:46","guid":{"rendered":"https:\/\/chargeguru.com\/de\/?p=17204"},"modified":"2026-04-27T08:40:09","modified_gmt":"2026-04-27T08:40:09","slug":"immobilien-zeitung-laden-im-buero-mit-chargeguru","status":"publish","type":"post","link":"https:\/\/chargeguru.com\/de\/blog\/immobilien-zeitung-laden-im-buero-mit-chargeguru\/","title":{"rendered":"Immobilien Zeitung: Laden im B\u00fcro mit ChargeGuru"},"content":{"rendered":"<p>Im Artikel \u201a<a href=\"https:\/\/www.iz.de\/unternehmen\/news\/-eine-volle-batterie-gibt-es-jetzt-per-abo-2000038718\">Eine volle Batterie gibt es jetzt per Abo<\/a>\u2018 geht die Immobilien Zeitung darauf ein, wie unser Abo-Modell Ladeinfrastruktur ohne Investitionskosten f\u00fcr Eigent\u00fcmer erm\u00f6glicht: Eigent\u00fcmer m\u00fcssen nicht investieren \u2013 die Ladeinfrastruktur wird installiert, sobald Nutzer ein Abo abschlie\u00dfen. Der Ansatz funktioniert wie ein \u201eNetflix-Abo\u201c: Mit jedem zus\u00e4tzlichen Abo w\u00e4chst die Infrastruktur schrittweise mit.<\/p>\n<p>ChargeGuru \u00fcbernimmt dabei Installation, Betrieb und Abrechnung \u2013 und Eigent\u00fcmer profitieren von h\u00f6herem Nutzwert und besserer Attraktivit\u00e4t der Immobilie, ohne CAPEX.<\/p>\n<h2>B\u00fcros im Fokus: Laden am Arbeitsplatz wird zum Benefit<\/h2>\n<p>Wir sehen gerade im B\u00fcrosegment starke Nachfrage. Ladeinfrastruktur ist heute nicht nur \u201eNice-to-Have\u201c, sondern ein echter Standortfaktor \u2013 insbesondere f\u00fcr Unternehmen, die ihre Flotte zukunftsf\u00e4hig aufstellen und das B\u00fcro als Arbeitsort sp\u00fcrbar attraktiver machen wollen.<\/p>\n<p>F\u00fcr Nutzer im B\u00fcro gibt es verschiedene Modelle:<\/p>\n<ul>\n<li>Mitarbeitende k\u00f6nnen selbst ein Abo abschlie\u00dfen.<\/li>\n<li>Arbeitgeber k\u00f6nnen das Abo \u00fcbernehmen oder die Rechnung als Mitarbeiter-Benefit bezahlen (z.\u202fB. erg\u00e4nzend zum E-Dienstwagen).<\/li>\n<li>Zus\u00e4tzlich liefert die Ladeinfrastruktur belastbare Daten zum Stromverbrauch und zu ESG-Kennzahlen \u2013 und kann so dabei helfen, die ESG-Bewertung des Geb\u00e4udes zu verbessern.<\/li>\n<\/ul>\n<p>Mehr Details zur Perspektive aus dem Interview finden Sie im IZ-Beitrag unter <a href=\"https:\/\/www.iz.de\/unternehmen\/news\/-eine-volle-batterie-gibt-es-jetzt-per-abo-2000038718\">DIESEM LINK<\/a>.<\/p>\n<h2>Unsere Ladel\u00f6sung im Wohngeb\u00e4ude: Skalierbar, ohne Investition f\u00fcr Eigent\u00fcmer<\/h2>\n<p>Unser Ursprung liegt im Wohnbereich \u2013 und genau hier zeigt sich besonders deutlich, wie wichtig ein skalierbares, nutzergetriebenes Modell ist: In Mehrfamilienh\u00e4usern steigt der Bedarf oft schrittweise. Mit unserem Ansatz kann die Infrastruktur mit den Abonnements wachsen: Start mit der ersten Wallbox, sp\u00e4ter Erweiterung um weitere Ladepunkte, wenn mehr Bewohner oder Stellplatznutzer laden m\u00f6chten.<\/p>\n<p>Das macht die Umsetzung in Wohnimmobilien planbar:<\/p>\n<ul>\n<li>Keine Anfangsinvestition f\u00fcr Eigent\u00fcmer<\/li>\n<li>Schrittweiser Ausbau entlang der Nachfrage<\/li>\n<li>Betrieb, Service und Abrechnung aus einer Hand<\/li>\n<\/ul>\n<p>Auch im Wohnkontext gilt: Ladeinfrastruktur erh\u00f6ht den Nutzwert und zahlt auf die Zukunftsf\u00e4higkeit der Immobilie ein. Der<a href=\"https:\/\/www.iz.de\/unternehmen\/news\/-so-klappt-es-mit-dem-e-auto-2000028957\"> IZ-Artikel<\/a> greift genau diesen Mehrwert auf \u2013 und zeigt, warum ein Abo-Modell die H\u00fcrde f\u00fcr die Elektrifizierung vieler Stellpl\u00e4tze senken kann.<\/p>\n<h2>Fazit<\/h2>\n<p>Ob B\u00fcro oder Wohnen: Der Markt verlangt L\u00f6sungen, die wirtschaftlich sind, schnell umsetzbar bleiben und sich mit der Nachfrage entwickeln. Dass die Immobilien Zeitung ChargeGuru im Expo-Umfeld vorgestellt hat, best\u00e4tigt diesen Trend \u2013 und unterstreicht, wie zentral Ladeinfrastruktur f\u00fcr die Immobilienwirtschaft geworden ist.<\/p>\n<p>&nbsp;<\/p>\n<p><div class=\"shortcode-widget-area\"><div id=\"custom_html-10\" class=\"widget_text widget clearfix widget_custom_html\"><div class=\"textwidget custom-html-widget\"><p style=\"text-align: center;\"><a class=\"typeform-share guru-button\" href=\"https:\/\/chargeguru.typeform.com\/to\/iY5JjRUZ?utm_source=blog&utm_medium=MFHwidget&utm_campaign=web&flow=seamless\" target=\"_blank\" rel=\"noopener\" data-mode=\"popup\" data-hide-headers=\"true\" data-hide-footer=\"true\">Beratung anfragen<i class=\"fa fa-icon-chevron-right\"><\/i><\/a><\/p><\/div><\/div><\/div>\n<!-- notionvc: ca1f5e3f-32d8-440a-b886-d0177b3400a5 --><\/p>\n","protected":false},"excerpt":{"rendered":"<p>Im Artikel \u201aEine volle Batterie gibt es jetzt per Abo\u2018 geht die Immobilien Zeitung darauf ein, wie unser Abo-Modell Ladeinfrastruktur ohne Investitionskosten f\u00fcr Eigent\u00fcmer erm\u00f6glicht.<\/p>\n","protected":false},"author":44,"featured_media":16918,"comment_status":"open","ping_status":"open","sticky":false,"template":"","format":"standard","meta":{"content-type":""},"categories":[25,7,6,20],"tags":[],"yoast_head":"<!-- This site is optimized with the Yoast SEO Premium plugin v20.8 (Yoast SEO v21.3) - https:\/\/yoast.com\/wordpress\/plugins\/seo\/ -->\n<title>Immobilien Zeitung: Laden im B\u00fcro mit ChargeGuru - ChargeGuru | Ladeinfrastruktur vom Profi<\/title>\n<meta name=\"robots\" content=\"index, follow, max-snippet:-1, max-image-preview:large, max-video-preview:-1\" \/>\n<link rel=\"canonical\" href=\"https:\/\/chargeguru.com\/de\/blog\/immobilien-zeitung-laden-im-buero-mit-chargeguru\/\" \/>\n<meta property=\"og:locale\" content=\"en_US\" \/>\n<meta property=\"og:type\" content=\"article\" \/>\n<meta property=\"og:title\" content=\"Immobilien Zeitung: Laden im B\u00fcro mit ChargeGuru\" \/>\n<meta property=\"og:description\" content=\"Im Artikel \u201aEine volle Batterie gibt es jetzt per Abo\u2018 geht die Immobilien Zeitung darauf ein, wie unser Abo-Modell Ladeinfrastruktur ohne Investitionskosten f\u00fcr Eigent\u00fcmer erm\u00f6glicht.\" \/>\n<meta property=\"og:url\" content=\"https:\/\/chargeguru.com\/de\/blog\/immobilien-zeitung-laden-im-buero-mit-chargeguru\/\" \/>\n<meta property=\"og:site_name\" content=\"ChargeGuru | Ladeinfrastruktur vom Profi\" \/>\n<meta property=\"article:published_time\" content=\"2026-02-23T08:39:46+00:00\" \/>\n<meta property=\"article:modified_time\" content=\"2026-04-27T08:40:09+00:00\" \/>\n<meta property=\"og:image\" content=\"https:\/\/chargeguru.com\/de\/wp-content\/uploads\/sites\/9\/2025\/09\/ChargeGuru_Montreuil-1.jpg\" \/>\n\t<meta property=\"og:image:width\" content=\"886\" \/>\n\t<meta property=\"og:image:height\" content=\"1339\" \/>\n\t<meta property=\"og:image:type\" content=\"image\/jpeg\" \/>\n<meta name=\"author\" content=\"verenapretzsch\" \/>\n<meta name=\"twitter:card\" content=\"summary_large_image\" \/>\n<meta name=\"twitter:label1\" content=\"Verfasst von\" \/>\n\t<meta name=\"twitter:data1\" content=\"verenapretzsch\" \/>\n\t<meta name=\"twitter:label2\" content=\"Gesch\u00e4tzte Lesezeit\" \/>\n\t<meta name=\"twitter:data2\" content=\"2 Minuten\" \/>\n<script type=\"application\/ld+json\" class=\"yoast-schema-graph\">{\"@context\":\"https:\/\/schema.org\",\"@graph\":[{\"@type\":\"WebPage\",\"@id\":\"https:\/\/chargeguru.com\/de\/blog\/immobilien-zeitung-laden-im-buero-mit-chargeguru\/\",\"url\":\"https:\/\/chargeguru.com\/de\/blog\/immobilien-zeitung-laden-im-buero-mit-chargeguru\/\",\"name\":\"Immobilien Zeitung: Laden im B\u00fcro mit ChargeGuru - ChargeGuru | Ladeinfrastruktur vom Profi\",\"isPartOf\":{\"@id\":\"https:\/\/chargeguru.com\/de\/#website\"},\"datePublished\":\"2026-02-23T08:39:46+00:00\",\"dateModified\":\"2026-04-27T08:40:09+00:00\",\"author\":{\"@id\":\"https:\/\/chargeguru.com\/de\/#\/schema\/person\/28f18cd9022caf140d65559a052d951e\"},\"breadcrumb\":{\"@id\":\"https:\/\/chargeguru.com\/de\/blog\/immobilien-zeitung-laden-im-buero-mit-chargeguru\/#breadcrumb\"},\"inLanguage\":\"\",\"potentialAction\":[{\"@type\":\"ReadAction\",\"target\":[\"https:\/\/chargeguru.com\/de\/blog\/immobilien-zeitung-laden-im-buero-mit-chargeguru\/\"]}]},{\"@type\":\"BreadcrumbList\",\"@id\":\"https:\/\/chargeguru.com\/de\/blog\/immobilien-zeitung-laden-im-buero-mit-chargeguru\/#breadcrumb\",\"itemListElement\":[{\"@type\":\"ListItem\",\"position\":1,\"name\":\"Home\",\"item\":\"https:\/\/chargeguru.com\/de\/\"},{\"@type\":\"ListItem\",\"position\":2,\"name\":\"Immobilien Zeitung: Laden im B\u00fcro mit ChargeGuru\"}]},{\"@type\":\"WebSite\",\"@id\":\"https:\/\/chargeguru.com\/de\/#website\",\"url\":\"https:\/\/chargeguru.com\/de\/\",\"name\":\"ChargeGuru | Ladeinfrastruktur vom Profi\",\"description\":\"Installation und Betrieb von Wallboxen f\u00fcr Elektrofahrzeuge\",\"potentialAction\":[{\"@type\":\"SearchAction\",\"target\":{\"@type\":\"EntryPoint\",\"urlTemplate\":\"https:\/\/chargeguru.com\/de\/?s={search_term_string}\"},\"query-input\":\"required name=search_term_string\"}],\"inLanguage\":\"\"},{\"@type\":\"Person\",\"@id\":\"https:\/\/chargeguru.com\/de\/#\/schema\/person\/28f18cd9022caf140d65559a052d951e\",\"name\":\"verenapretzsch\",\"image\":{\"@type\":\"ImageObject\",\"inLanguage\":\"\",\"@id\":\"https:\/\/chargeguru.com\/de\/#\/schema\/person\/image\/\",\"url\":\"https:\/\/secure.gravatar.com\/avatar\/2c238b71432e556f72549a17b363e2b3?s=96&d=mm&r=g\",\"contentUrl\":\"https:\/\/secure.gravatar.com\/avatar\/2c238b71432e556f72549a17b363e2b3?s=96&d=mm&r=g\",\"caption\":\"verenapretzsch\"},\"url\":\"https:\/\/chargeguru.com\/de\/blog\/author\/verenapretzsch\/\"}]}<\/script>\n<!-- \/ Yoast SEO Premium plugin. -->","yoast_head_json":{"title":"Immobilien Zeitung: Laden im B\u00fcro mit ChargeGuru - ChargeGuru | Ladeinfrastruktur vom Profi","robots":{"index":"index","follow":"follow","max-snippet":"max-snippet:-1","max-image-preview":"max-image-preview:large","max-video-preview":"max-video-preview:-1"},"canonical":"https:\/\/chargeguru.com\/de\/blog\/immobilien-zeitung-laden-im-buero-mit-chargeguru\/","og_locale":"en_US","og_type":"article","og_title":"Immobilien Zeitung: Laden im B\u00fcro mit ChargeGuru","og_description":"Im Artikel \u201aEine volle Batterie gibt es jetzt per Abo\u2018 geht die Immobilien Zeitung darauf ein, wie unser Abo-Modell Ladeinfrastruktur ohne Investitionskosten f\u00fcr Eigent\u00fcmer erm\u00f6glicht.","og_url":"https:\/\/chargeguru.com\/de\/blog\/immobilien-zeitung-laden-im-buero-mit-chargeguru\/","og_site_name":"ChargeGuru | Ladeinfrastruktur vom Profi","article_published_time":"2026-02-23T08:39:46+00:00","article_modified_time":"2026-04-27T08:40:09+00:00","og_image":[{"width":886,"height":1339,"url":"https:\/\/chargeguru.com\/de\/wp-content\/uploads\/sites\/9\/2025\/09\/ChargeGuru_Montreuil-1.jpg","type":"image\/jpeg"}],"author":"verenapretzsch","twitter_card":"summary_large_image","twitter_misc":{"Verfasst von":"verenapretzsch","Gesch\u00e4tzte Lesezeit":"2 Minuten"},"schema":{"@context":"https:\/\/schema.org","@graph":[{"@type":"WebPage","@id":"https:\/\/chargeguru.com\/de\/blog\/immobilien-zeitung-laden-im-buero-mit-chargeguru\/","url":"https:\/\/chargeguru.com\/de\/blog\/immobilien-zeitung-laden-im-buero-mit-chargeguru\/","name":"Immobilien Zeitung: Laden im B\u00fcro mit ChargeGuru - ChargeGuru | Ladeinfrastruktur vom Profi","isPartOf":{"@id":"https:\/\/chargeguru.com\/de\/#website"},"datePublished":"2026-02-23T08:39:46+00:00","dateModified":"2026-04-27T08:40:09+00:00","author":{"@id":"https:\/\/chargeguru.com\/de\/#\/schema\/person\/28f18cd9022caf140d65559a052d951e"},"breadcrumb":{"@id":"https:\/\/chargeguru.com\/de\/blog\/immobilien-zeitung-laden-im-buero-mit-chargeguru\/#breadcrumb"},"inLanguage":"","potentialAction":[{"@type":"ReadAction","target":["https:\/\/chargeguru.com\/de\/blog\/immobilien-zeitung-laden-im-buero-mit-chargeguru\/"]}]},{"@type":"BreadcrumbList","@id":"https:\/\/chargeguru.com\/de\/blog\/immobilien-zeitung-laden-im-buero-mit-chargeguru\/#breadcrumb","itemListElement":[{"@type":"ListItem","position":1,"name":"Home","item":"https:\/\/chargeguru.com\/de\/"},{"@type":"ListItem","position":2,"name":"Immobilien Zeitung: Laden im B\u00fcro mit ChargeGuru"}]},{"@type":"WebSite","@id":"https:\/\/chargeguru.com\/de\/#website","url":"https:\/\/chargeguru.com\/de\/","name":"ChargeGuru | Ladeinfrastruktur vom Profi","description":"Installation und Betrieb von Wallboxen f\u00fcr Elektrofahrzeuge","potentialAction":[{"@type":"SearchAction","target":{"@type":"EntryPoint","urlTemplate":"https:\/\/chargeguru.com\/de\/?s={search_term_string}"},"query-input":"required name=search_term_string"}],"inLanguage":""},{"@type":"Person","@id":"https:\/\/chargeguru.com\/de\/#\/schema\/person\/28f18cd9022caf140d65559a052d951e","name":"verenapretzsch","image":{"@type":"ImageObject","inLanguage":"","@id":"https:\/\/chargeguru.com\/de\/#\/schema\/person\/image\/","url":"https:\/\/secure.gravatar.com\/avatar\/2c238b71432e556f72549a17b363e2b3?s=96&d=mm&r=g","contentUrl":"https:\/\/secure.gravatar.com\/avatar\/2c238b71432e556f72549a17b363e2b3?s=96&d=mm&r=g","caption":"verenapretzsch"},"url":"https:\/\/chargeguru.com\/de\/blog\/author\/verenapretzsch\/"}]}},"_links":{"self":[{"href":"https:\/\/chargeguru.com\/de\/wp-json\/wp\/v2\/posts\/17204"}],"collection":[{"href":"https:\/\/chargeguru.com\/de\/wp-json\/wp\/v2\/posts"}],"about":[{"href":"https:\/\/chargeguru.com\/de\/wp-json\/wp\/v2\/types\/post"}],"author":[{"embeddable":true,"href":"https:\/\/chargeguru.com\/de\/wp-json\/wp\/v2\/users\/44"}],"replies":[{"embeddable":true,"href":"https:\/\/chargeguru.com\/de\/wp-json\/wp\/v2\/comments?post=17204"}],"version-history":[{"count":2,"href":"https:\/\/chargeguru.com\/de\/wp-json\/wp\/v2\/posts\/17204\/revisions"}],"predecessor-version":[{"id":17206,"href":"https:\/\/chargeguru.com\/de\/wp-json\/wp\/v2\/posts\/17204\/revisions\/17206"}],"wp:featuredmedia":[{"embeddable":true,"href":"https:\/\/chargeguru.com\/de\/wp-json\/wp\/v2\/media\/16918"}],"wp:attachment":[{"href":"https:\/\/chargeguru.com\/de\/wp-json\/wp\/v2\/media?parent=17204"}],"wp:term":[{"taxonomy":"category","embeddable":true,"href":"https:\/\/chargeguru.com\/de\/wp-json\/wp\/v2\/categories?post=17204"},{"taxonomy":"post_tag","embeddable":true,"href":"https:\/\/chargeguru.com\/de\/wp-json\/wp\/v2\/tags?post=17204"}],"curies":[{"name":"wp","href":"https:\/\/api.w.org\/{rel}","templated":true}]}}